{"id":625,"date":"2026-04-23T10:50:11","date_gmt":"2026-04-23T08:50:11","guid":{"rendered":"https:\/\/e-opiekun.pl\/aktualnosci\/?p=625"},"modified":"2026-04-23T12:22:12","modified_gmt":"2026-04-23T10:22:12","slug":"ile-godzin-pracuje-nauczyciel-w-przedszkolu","status":"publish","type":"post","link":"https:\/\/e-opiekun.pl\/aktualnosci\/ile-godzin-pracuje-nauczyciel-w-przedszkolu\/","title":{"rendered":"Ile godzin pracuje nauczyciel w przedszkolu?"},"content":{"rendered":"\n<p>Ile czasu w ci\u0105gu tygodnia pracuje nauczyciel przedszkola? Osoba na tym stanowisku <strong>realizuje oko\u0142o 25 godzin zaj\u0119\u0107 z dzie\u0107mi tygodniowo.<\/strong> Jednak jego ca\u0142kowity czas pracy mo\u017ce wynosi\u0107 do 40 godzin. Sprawd\u017a, jak wygl\u0105da podzia\u0142 pracy i co si\u0119 na niego sk\u0142ada.<\/p>\n\n\n\n<h2 class=\"wp-block-heading\">Ile wynosi pensum nauczyciela przedszkola?<\/h2>\n\n\n\n<p>Czas pracy na tym stanowisku <strong>wynosi zazwyczaj oko\u0142o 25 godzin tygodniowo.<\/strong> Wynika to z przepis\u00f3w Karty Nauczyciela (art. 42 ust. 3), kt\u00f3re okre\u015blaj\u0105 obowi\u0105zkowy wymiar dzia\u0142a\u0144 dydaktycznych. Dotyczy to g\u0142\u00f3wnie przedszkoli publicznych.<\/p>\n\n\n\n<p>Wed\u0142ug danych GUS w Polsce dzia\u0142a<strong> ponad 20 tys. plac\u00f3wek wychowania przedszkolnego<\/strong>, co pokazuje, jak du\u017ce jest zapotrzebowanie na osoby wspieraj\u0105ce nauczycieli w codziennej pracy. Je\u015bli chcesz przygotowa\u0107 si\u0119 do pracy w tym obszarze i zdoby\u0107 wa\u017cne umiej\u0119tno\u015bci, sprawd\u017a <a href=\"https:\/\/e-opiekun.pl\/kursy\/8\" title=\"\">Kurs Pomocy nauczyciela przedszkola<\/a>.<\/p>\n\n\n\n<h2 class=\"wp-block-heading\">Jak wygl\u0105da ca\u0142kowity czas pracy nauczyciela w przedszkolu?<\/h2>\n\n\n\n<p>Tygodniowy <strong>wymiar obowi\u0105zk\u00f3w tego specjalisty<\/strong> <strong>mo\u017ce wynosi\u0107 do 40 godzin<\/strong> i obejmuje zar\u00f3wno prowadzenie zaj\u0119\u0107, jak i dzia\u0142ania zwi\u0105zane z przygotowaniem oraz organizacj\u0105 pracy. Oznacza to, \u017ce cz\u0119\u015b\u0107 zada\u0144 realizowana jest poza bezpo\u015brednim kontaktem z dzie\u0107mi.<\/p>\n\n\n\n<p>Do obowi\u0105zk\u00f3w wykonywanych przez nauczyciela poza zaj\u0119ciami nale\u017c\u0105 m.in.:<\/p>\n\n\n\n<ul class=\"wp-block-list\">\n<li>przygotowywanie scenariuszy zaj\u0119\u0107;<\/li>\n\n\n\n<li>prowadzenie dokumentacji;<\/li>\n\n\n\n<li>kontakt z rodzicami;<\/li>\n\n\n\n<li>organizacja wydarze\u0144 i aktywno\u015bci;<\/li>\n\n\n\n<li>wsp\u00f3\u0142praca z zespo\u0142em w plac\u00f3wce.&nbsp;<\/li>\n<\/ul>\n\n\n\n<figure class=\"wp-block-image size-full\"><img loading=\"lazy\" decoding=\"async\" width=\"1000\" height=\"667\" src=\"https:\/\/e-opiekun.pl\/aktualnosci\/wp-content\/uploads\/2026\/04\/pensum-nauczyciela-w-przedszkolu.jpg\" alt=\"pensum nauczyciela w przedszkolu\" class=\"wp-image-627\" srcset=\"https:\/\/e-opiekun.pl\/aktualnosci\/wp-content\/uploads\/2026\/04\/pensum-nauczyciela-w-przedszkolu.jpg 1000w, https:\/\/e-opiekun.pl\/aktualnosci\/wp-content\/uploads\/2026\/04\/pensum-nauczyciela-w-przedszkolu-300x200.jpg 300w, https:\/\/e-opiekun.pl\/aktualnosci\/wp-content\/uploads\/2026\/04\/pensum-nauczyciela-w-przedszkolu-768x512.jpg 768w, https:\/\/e-opiekun.pl\/aktualnosci\/wp-content\/uploads\/2026\/04\/pensum-nauczyciela-w-przedszkolu-696x464.jpg 696w, https:\/\/e-opiekun.pl\/aktualnosci\/wp-content\/uploads\/2026\/04\/pensum-nauczyciela-w-przedszkolu-630x420.jpg 630w\" sizes=\"auto, (max-width: 1000px) 100vw, 1000px\" \/><\/figure>\n\n\n\n<h3 class=\"wp-block-heading\">Jakie s\u0105 r\u00f3\u017cnice w czasie pracy w przedszkolu publicznym i niepublicznym?<\/h3>\n\n\n\n<p>W przedszkolach publicznych<strong> obowi\u0105zuje pensum okre\u015blone przepisami<\/strong>, kt\u00f3re wynosi oko\u0142o 25 godzin pracy z dzie\u0107mi tygodniowo. Z kolei w plac\u00f3wkach niepublicznych organizacja czasu pracy mo\u017ce wygl\u0105da\u0107 inaczej i cz\u0119sto <strong>obejmuje pe\u0142ny, 8-godzinny dzie\u0144 pracy.<\/strong><\/p>\n\n\n\n<p>W praktyce oznacza to <strong>wi\u0119ksz\u0105 elastyczno\u015b\u0107 w ustalaniu obowi\u0105zk\u00f3w oraz szerszy zakres zada\u0144 <\/strong>wykonywanych w ci\u0105gu dnia.<\/p>\n\n\n\n<p>Sprawd\u017a tak\u017ce pozosta\u0142e artyku\u0142y:&nbsp;<\/p>\n\n\n\n<ul class=\"wp-block-list\">\n<li><a href=\"https:\/\/e-opiekun.pl\/aktualnosci\/ile-zarabia-pomoc-nauczyciela-w-przedszkolu-panstwowym-sprawdz-aktualne-stawki-i-dodatki\/\">Ile zarabia pomoc nauczyciela w przedszkolu pa\u0144stwowym? Sprawd\u017a aktualne stawki i dodatki<\/a>.<\/li>\n\n\n\n<li><a href=\"https:\/\/e-opiekun.pl\/aktualnosci\/ile-zarabia-pomoc-nauczyciela-w-przedszkolu-prywatnym-sprawdz-aktualne-wynagrodzenia\/\">Ile zarabia pomoc nauczyciela w przedszkolu prywatnym? Sprawd\u017a aktualne wynagrodzenia<\/a>.&nbsp;<\/li>\n\n\n\n<li><a href=\"https:\/\/e-opiekun.pl\/aktualnosci\/pomoc-nauczyciela-w-przedszkolu-jak-zdobyc-te-prace\/\">Pomoc nauczyciela w przedszkolu \u2013 jak zdoby\u0107 t\u0119 prac\u0119?<\/a>&nbsp;<\/li>\n<\/ul>\n\n\n\n<h2 class=\"wp-block-heading\">Kto wspiera nauczyciela w codziennej pracy?<\/h2>\n\n\n\n<p>W codziennych obowi\u0105zkach <strong>specjalist\u0119 tego wspiera pomoc nauczyciela przedszkola<\/strong>, kt\u00f3ra odpowiada za cz\u0119\u015b\u0107 zada\u0144 organizacyjnych oraz opieku\u0144czych. Dzi\u0119ki temu mo\u017cliwe jest sprawne funkcjonowanie grupy oraz lepsze zarz\u0105dzanie czasem pracy.<\/p>\n\n\n\n<p>Do zada\u0144 pomocy nauczyciela nale\u017c\u0105 m.in.:<\/p>\n\n\n\n<ul class=\"wp-block-list\">\n<li>wsparcie podczas zaj\u0119\u0107 i zabawy;<\/li>\n\n\n\n<li>pomoc dzieciom w codziennych czynno\u015bciach;<\/li>\n\n\n\n<li>przygotowywanie materia\u0142\u00f3w;<\/li>\n\n\n\n<li>dbanie o porz\u0105dek w sali.<\/li>\n<\/ul>\n\n\n\n<p>Aby przygotowa\u0107 si\u0119 do <strong>wykonywania tych obowi\u0105zk\u00f3w i zdoby\u0107 niezb\u0119dne kompetencje<\/strong>, sprawd\u017a <a href=\"https:\/\/e-opiekun.pl\/kursy\/8\" title=\"\">Kurs Pomocy nauczyciela przedszkola<\/a> i zobacz, jak wygl\u0105da praca w przedszkolu.<\/p>\n\n\n\n<h2 class=\"wp-block-heading\">FAQ<\/h2>\n\n\n\n<h3 class=\"wp-block-heading\">Ile godzin pracuje nauczyciel w przedszkolu publicznym?<\/h3>\n\n\n\n<p>W przedszkolu publicznym nauczyciel realizuje pensum wynosz\u0105ce oko\u0142o 25 godzin tygodniowo, czyli czas pracy z dzie\u0107mi okre\u015blony w przepisach. Ca\u0142kowity wymiar obowi\u0105zk\u00f3w mo\u017ce jednak si\u0119ga\u0107 do 40 godzin tygodniowo i obejmuje tak\u017ce przygotowanie zaj\u0119\u0107, dokumentacj\u0119 oraz inne zadania organizacyjne.<\/p>\n\n\n\n<h3 class=\"wp-block-heading\">Ile godzin pracuje nauczyciel w przedszkolu niepublicznym?<\/h3>\n\n\n\n<p>W przedszkolach niepublicznych czas pracy cz\u0119sto obejmuje pe\u0142ny dzie\u0144, czyli oko\u0142o 8 godzin. W ramach tego czasu nauczyciel prowadzi zaj\u0119cia, sprawuje opiek\u0119 nad dzie\u0107mi oraz realizuje obowi\u0105zki zwi\u0105zane z przygotowaniem i organizacj\u0105 pracy. Szczeg\u00f3\u0142owy wymiar godzin zale\u017cy od zasad obowi\u0105zuj\u0105cych w danej plac\u00f3wce.<\/p>\n\n\n\n<h3 class=\"wp-block-heading\">Czy nauczyciel przedszkola ma nadgodziny?<\/h3>\n\n\n\n<p>Nauczyciel przedszkola mo\u017ce mie\u0107 nadgodziny, je\u015bli przekracza ustalony tygodniowy wymiar zaj\u0119\u0107 dydaktycznych. Dotyczy to g\u0142\u00f3wnie dodatkowych godzin pracy z dzie\u0107mi ponad pensum. W praktyce cz\u0119\u015b\u0107 obowi\u0105zk\u00f3w wykonywanych poza zaj\u0119ciami nie zawsze jest traktowana jako nadgodziny, poniewa\u017c wynika z charakteru pracy.<\/p>\n\n\n\n<h3 class=\"wp-block-heading\">Czy nauczyciel przedszkola pracuje wi\u0119cej ni\u017c pensum?<\/h3>\n\n\n\n<p>Tak, poniewa\u017c pensum obejmuje tylko czas pracy z dzie\u0107mi. Poza nim nauczyciel przedszkola realizuje tak\u017ce inne obowi\u0105zki, takie jak przygotowanie zaj\u0119\u0107, prowadzenie dokumentacji czy kontakt z rodzicami. W efekcie rzeczywisty czas po\u015bwi\u0119cony na prac\u0119 jest zazwyczaj d\u0142u\u017cszy ni\u017c samo pensum.<\/p>\n","protected":false},"excerpt":{"rendered":"<p>Ile czasu w ci\u0105gu tygodnia pracuje nauczyciel przedszkola? Osoba na tym stanowisku realizuje oko\u0142o 25 godzin zaj\u0119\u0107 z dzie\u0107mi tygodniowo. Jednak jego ca\u0142kowity czas pracy mo\u017ce wynosi\u0107 do 40 godzin. Sprawd\u017a, jak wygl\u0105da podzia\u0142 pracy i co si\u0119 na niego sk\u0142ada. Ile wynosi pensum nauczyciela przedszkola? Czas pracy na tym stanowisku wynosi zazwyczaj oko\u0142o 25 [&hellip;]<\/p>\n","protected":false},"author":11,"featured_media":626,"comment_status":"closed","ping_status":"closed","sticky":false,"template":"","format":"standard","meta":{"_lmt_disableupdate":"","_lmt_disable":"","footnotes":""},"categories":[1439],"tags":[],"class_list":["post-625","post","type-post","status-publish","format-standard","has-post-thumbnail","hentry","category-porady-i-aktualnosci"],"aioseo_notices":[],"modified_by":"Agnieszka Dere\u017cy\u0144ska","_links":{"self":[{"href":"https:\/\/e-opiekun.pl\/aktualnosci\/wp-json\/wp\/v2\/posts\/625","targetHints":{"allow":["GET"]}}],"collection":[{"href":"https:\/\/e-opiekun.pl\/aktualnosci\/wp-json\/wp\/v2\/posts"}],"about":[{"href":"https:\/\/e-opiekun.pl\/aktualnosci\/wp-json\/wp\/v2\/types\/post"}],"author":[{"embeddable":true,"href":"https:\/\/e-opiekun.pl\/aktualnosci\/wp-json\/wp\/v2\/users\/11"}],"replies":[{"embeddable":true,"href":"https:\/\/e-opiekun.pl\/aktualnosci\/wp-json\/wp\/v2\/comments?post=625"}],"version-history":[{"count":2,"href":"https:\/\/e-opiekun.pl\/aktualnosci\/wp-json\/wp\/v2\/posts\/625\/revisions"}],"predecessor-version":[{"id":630,"href":"https:\/\/e-opiekun.pl\/aktualnosci\/wp-json\/wp\/v2\/posts\/625\/revisions\/630"}],"wp:featuredmedia":[{"embeddable":true,"href":"https:\/\/e-opiekun.pl\/aktualnosci\/wp-json\/wp\/v2\/media\/626"}],"wp:attachment":[{"href":"https:\/\/e-opiekun.pl\/aktualnosci\/wp-json\/wp\/v2\/media?parent=625"}],"wp:term":[{"taxonomy":"category","embeddable":true,"href":"https:\/\/e-opiekun.pl\/aktualnosci\/wp-json\/wp\/v2\/categories?post=625"},{"taxonomy":"post_tag","embeddable":true,"href":"https:\/\/e-opiekun.pl\/aktualnosci\/wp-json\/wp\/v2\/tags?post=625"}],"curies":[{"name":"wp","href":"https:\/\/api.w.org\/{rel}","templated":true}]}}