{"id":616,"date":"2026-04-21T14:02:13","date_gmt":"2026-04-21T12:02:13","guid":{"rendered":"https:\/\/e-opiekun.pl\/aktualnosci\/?p=616"},"modified":"2026-04-21T14:28:06","modified_gmt":"2026-04-21T12:28:06","slug":"wpis-do-rejestru-zlobkow-jak-zalozyc-placowke-krok-po-kroku","status":"publish","type":"post","link":"https:\/\/e-opiekun.pl\/aktualnosci\/wpis-do-rejestru-zlobkow-jak-zalozyc-placowke-krok-po-kroku\/","title":{"rendered":"Wpis do rejestru \u017c\u0142obk\u00f3w \u2013 jak za\u0142o\u017cy\u0107 plac\u00f3wk\u0119 krok po kroku?"},"content":{"rendered":"\n<p>Jak uzyska\u0107 wpis do rejestru \u017c\u0142obk\u00f3w? Procedura <strong>obejmuje zg\u0142oszenie dzia\u0142alno\u015bci, spe\u0142nienie wymog\u00f3w lokalowych oraz zatrudnienie wykwalifikowanej kadry. <\/strong>To obowi\u0105zkowy proces, kt\u00f3ry warunkuje legalne prowadzenie \u017c\u0142obka lub klubu dzieci\u0119cego. Sprawd\u017a, jak wygl\u0105da on w praktyce.<\/p>\n\n\n\n<h2 class=\"wp-block-heading\">Kto musi uzyska\u0107 wpis do rejestru \u017c\u0142obk\u00f3w?<\/h2>\n\n\n\n<p>Obowi\u0105zek zg\u0142oszenia dotyczy <strong>ka\u017cdego podmiotu planuj\u0105cego prowadzenie opieki nad dzie\u0107mi do lat 3. <\/strong>Wym\u00f3g ten wynika z przepis\u00f3w i obejmuje zar\u00f3wno dzia\u0142alno\u015b\u0107 prywatn\u0105, jak i publiczn\u0105. Bez wpisu nie mo\u017cna rozpocz\u0105\u0107 dzia\u0142alno\u015bci ani przyjmowa\u0107 dzieci.<\/p>\n\n\n\n<p>Do rejestru \u017c\u0142obk\u00f3w wpisywane s\u0105 konkretne typy podmiot\u00f3w:<\/p>\n\n\n\n<ul class=\"wp-block-list\">\n<li>przedsi\u0119biorcy prowadz\u0105cy dzia\u0142alno\u015b\u0107 gospodarcz\u0105;<\/li>\n\n\n\n<li>fundacje i stowarzyszenia;<\/li>\n\n\n\n<li>jednostki samorz\u0105du terytorialnego.<\/li>\n<\/ul>\n\n\n\n<h2 class=\"wp-block-heading\">Jak wygl\u0105da procedura wpisu do rejestru \u017c\u0142obk\u00f3w?<\/h2>\n\n\n\n<p>Proces polega na<strong> z\u0142o\u017ceniu wniosku i jego weryfikacji przez gmin\u0119.<\/strong> Niezb\u0119dne dokumenty mo\u017cna z\u0142o\u017cy\u0107 online przez portal Emp@tia, co upraszcza formalno\u015bci i skraca czas oczekiwania.&nbsp;<\/p>\n\n\n\n<h3 class=\"wp-block-heading\">Jak z\u0142o\u017cy\u0107 wniosek krok po kroku?<\/h3>\n\n\n\n<p>Aby zarejestrowa\u0107 plac\u00f3wk\u0119, trzeba przej\u015b\u0107 przez kilka prostych etap\u00f3w:<\/p>\n\n\n\n<ol class=\"wp-block-list\">\n<li>Za\u0142\u00f3\u017c konto w systemie Empatia.<\/li>\n\n\n\n<li>Wype\u0142nij formularz RKZ-1.<\/li>\n\n\n\n<li>Podaj dane dotycz\u0105ce liczby miejsc, godzin pracy i op\u0142at.<\/li>\n\n\n\n<li>Podpisz wniosek profilem zaufanym lub podpisem kwalifikowanym.<\/li>\n<\/ol>\n\n\n\n<p>Wed\u0142ug danych z GUS w <strong>2024 roku dzia\u0142a\u0142o w Polsce ponad 4,5 tys. \u017c\u0142obk\u00f3w i klub\u00f3w dzieci\u0119cych<\/strong>, co pokazuje rosn\u0105ce zapotrzebowanie na nowe plac\u00f3wki. Je\u015bli my\u015blisz o pracy w tym obszarze, sprawd\u017a <a href=\"https:\/\/e-opiekun.pl\/kursy\/1\" title=\"\">Kurs Szkolenie na Opiekuna w \u017b\u0142obku lub Klubie Dzieci\u0119cym<\/a> i zdob\u0105d\u017a istotne kompetencje.\u00a0<\/p>\n\n\n\n<figure class=\"wp-block-image size-full\"><img loading=\"lazy\" decoding=\"async\" width=\"1000\" height=\"563\" src=\"https:\/\/e-opiekun.pl\/aktualnosci\/wp-content\/uploads\/2026\/04\/wpis-do-rejestru-zlobkow.jpg\" alt=\"wpis do rejestru \u017c\u0142obk\u00f3w\" class=\"wp-image-618\" srcset=\"https:\/\/e-opiekun.pl\/aktualnosci\/wp-content\/uploads\/2026\/04\/wpis-do-rejestru-zlobkow.jpg 1000w, https:\/\/e-opiekun.pl\/aktualnosci\/wp-content\/uploads\/2026\/04\/wpis-do-rejestru-zlobkow-300x169.jpg 300w, https:\/\/e-opiekun.pl\/aktualnosci\/wp-content\/uploads\/2026\/04\/wpis-do-rejestru-zlobkow-768x432.jpg 768w, https:\/\/e-opiekun.pl\/aktualnosci\/wp-content\/uploads\/2026\/04\/wpis-do-rejestru-zlobkow-696x392.jpg 696w, https:\/\/e-opiekun.pl\/aktualnosci\/wp-content\/uploads\/2026\/04\/wpis-do-rejestru-zlobkow-746x420.jpg 746w\" sizes=\"auto, (max-width: 1000px) 100vw, 1000px\" \/><\/figure>\n\n\n\n<h2 class=\"wp-block-heading\">Jakie warunki trzeba spe\u0142ni\u0107, aby uzyska\u0107 wpis do rejestru \u017c\u0142obk\u00f3w?<\/h2>\n\n\n\n<p>Warunkiem wpisu jest <strong>przygotowanie lokalu oraz zorganizowanie opieki zgodnie z obowi\u0105zuj\u0105cymi przepisami. <\/strong>Spe\u0142nienie tych wymog\u00f3w jest konieczne, aby uzyska\u0107 pozytywn\u0105 decyzj\u0119 i rozpocz\u0105\u0107 dzia\u0142alno\u015b\u0107.&nbsp;<\/p>\n\n\n\n<p>Regulacje lokalowe i formalne wobec \u017c\u0142obk\u00f3w obejmuj\u0105:<\/p>\n\n\n\n<ul class=\"wp-block-list\">\n<li>spe\u0142nienie norm sanepidu i stra\u017cy po\u017carnej;<\/li>\n\n\n\n<li>zapewnienie minimum 16 m\u00b2 dla 3-5 dzieci;<\/li>\n\n\n\n<li>zwi\u0119kszenie powierzchni o min. 2-2,5 m\u00b2 na ka\u017cde kolejne dziecko;<\/li>\n\n\n\n<li>dost\u0119p do sanitariat\u00f3w i bezpiecznego wyposa\u017cenia.<\/li>\n<\/ul>\n\n\n\n<p>Dodatkowo musisz <strong>posiada\u0107 tytu\u0142 prawny do lokalu<\/strong> i nie mo\u017cesz mie\u0107 zakazu prowadzenia dzia\u0142alno\u015bci.<\/p>\n\n\n\n<p>Mog\u0105 Ci\u0119 zainteresowa\u0107 tak\u017ce artyku\u0142y:&nbsp;<\/p>\n\n\n\n<ul class=\"wp-block-list\">\n<li><a href=\"https:\/\/e-opiekun.pl\/aktualnosci\/czy-oplaca-sie-zalozyc-zlobek\/\">Czy op\u0142aca si\u0119 za\u0142o\u017cy\u0107 \u017c\u0142obek?<\/a><\/li>\n\n\n\n<li><a href=\"https:\/\/e-opiekun.pl\/aktualnosci\/czy-zlobek-podlega-pod-oswiate\/\">Czy \u017c\u0142obek podlega pod o\u015bwiat\u0119?<\/a><\/li>\n\n\n\n<li><a href=\"https:\/\/e-opiekun.pl\/aktualnosci\/organizacja-pracy-w-zlobku-jak-wyglada-dzien-i-podzial-obowiazkow\/\">Organizacja pracy w \u017c\u0142obku \u2013 jak wygl\u0105da dzie\u0144 i podzia\u0142 obowi\u0105zk\u00f3w?<\/a>&nbsp;&nbsp;&nbsp;<\/li>\n<\/ul>\n\n\n\n<h2 class=\"wp-block-heading\">Czy odpowiednie kompetencje opiekun\u00f3w s\u0105 wymagane?<\/h2>\n\n\n\n<p>Osoby pracuj\u0105ce z dzie\u0107mi do 3. roku \u017cycia musz\u0105 posiada\u0107 <strong>kompetencje okre\u015blone w przepisach<\/strong>. To jeden z warunk\u00f3w prowadzenia plac\u00f3wki i zapewnienia bezpiecznej opieki. Brak przygotowanej kadry mo\u017ce uniemo\u017cliwi\u0107 rozpocz\u0119cie dzia\u0142alno\u015bci mimo spe\u0142nienia innych kryteri\u00f3w.<\/p>\n\n\n\n<p>W praktyce oznacza to umiej\u0119tno\u015b\u0107 do realizacji konkretnych zada\u0144 opieku\u0144czo-wychowawczych, takich jak:<\/p>\n\n\n\n<ul class=\"wp-block-list\">\n<li>organizowanie zaj\u0119\u0107 dostosowanych do wieku dzieci;<\/li>\n\n\n\n<li>dbanie o bezpiecze\u0144stwo i higien\u0119;<\/li>\n\n\n\n<li>prowadzenie dokumentacji opieki;<\/li>\n\n\n\n<li>kontakt z rodzicami.<\/li>\n<\/ul>\n\n\n\n<p>Je\u015bli planujesz prac\u0119 w \u017c\u0142obku lub zatrudnianie personelu, <strong>warto zadba\u0107 o profesjonalne przygotowanie kadry ju\u017c na starcie. <\/strong>Sprawd\u017a <a href=\"https:\/\/e-opiekun.pl\/kursy\/1\" title=\"\">Kurs Szkolenie na Opiekuna w \u017b\u0142obku lub Klubie Dzieci\u0119cym<\/a> i zdob\u0105d\u017a konkretne umiej\u0119tno\u015bci potrzebne w codziennej pracy z dzie\u0107mi.\u00a0<\/p>\n\n\n\n<h2 class=\"wp-block-heading\">FAQ<\/h2>\n\n\n\n<h3 class=\"wp-block-heading\">Ile trwa wpis do rejestru \u017c\u0142obk\u00f3w?<\/h3>\n\n\n\n<p>Procedura wpisu do rejestru \u017c\u0142obk\u00f3w trwa zazwyczaj do 30 dni od momentu z\u0142o\u017cenia kompletnego wniosku. W praktyce czas ten mo\u017ce si\u0119 wyd\u0142u\u017cy\u0107, je\u015bli urz\u0105d przeprowadza kontrol\u0119 lokalu lub wzywa do uzupe\u0142nienia brakuj\u0105cych dokument\u00f3w.<\/p>\n\n\n\n<h3 class=\"wp-block-heading\">Czy mo\u017cna z\u0142o\u017cy\u0107 wniosek o wpis do rejestru \u017c\u0142obk\u00f3w online?<\/h3>\n\n\n\n<p>Tak, wniosek o wpis do rejestru \u017c\u0142obk\u00f3w mo\u017cna z\u0142o\u017cy\u0107 w ca\u0142o\u015bci online za po\u015brednictwem portalu Emp@tia. Do jego poprawnego z\u0142o\u017cenia, wymagane jest posiadanie profilu zaufanego lub podpisu kwalifikowanego, kt\u00f3ry umo\u017cliwia podpisanie dokumentu elektronicznego.<\/p>\n\n\n\n<h3 class=\"wp-block-heading\">Co sprawdza urz\u0105d przed wpisem do rejestru \u017c\u0142obk\u00f3w?<\/h3>\n\n\n\n<p>Urz\u0105d weryfikuje, czy plac\u00f3wka spe\u0142nia wymagania formalne, lokalowe oraz organizacyjne okre\u015blone w przepisach. W praktyce oznacza to analiz\u0119 dokument\u00f3w oraz mo\u017cliwo\u015b\u0107 przeprowadzenia kontroli na miejscu przed wydaniem decyzji o wpisie.<\/p>\n\n\n\n<h3 class=\"wp-block-heading\">Czy w\u0142a\u015bciciel \u017c\u0142obka musi mie\u0107 wykszta\u0142cenie pedagogiczne?<\/h3>\n\n\n\n<p>Nie, w\u0142a\u015bciciel \u017c\u0142obka nie ma obowi\u0105zku posiadania wykszta\u0142cenia pedagogicznego ani uko\u0144czonych studi\u00f3w kierunkowych. Wymagania dotycz\u0105 wy\u0142\u0105cznie opiekun\u00f3w zatrudnionych do pracy z dzie\u0107mi, kt\u00f3rzy musz\u0105 spe\u0142nia\u0107 okre\u015blone kryteria kwalifikacyjne.<\/p>\n","protected":false},"excerpt":{"rendered":"<p>Jak uzyska\u0107 wpis do rejestru \u017c\u0142obk\u00f3w? Procedura obejmuje zg\u0142oszenie dzia\u0142alno\u015bci, spe\u0142nienie wymog\u00f3w lokalowych oraz zatrudnienie wykwalifikowanej kadry. To obowi\u0105zkowy proces, kt\u00f3ry warunkuje legalne prowadzenie \u017c\u0142obka lub klubu dzieci\u0119cego. Sprawd\u017a, jak wygl\u0105da on w praktyce. Kto musi uzyska\u0107 wpis do rejestru \u017c\u0142obk\u00f3w? Obowi\u0105zek zg\u0142oszenia dotyczy ka\u017cdego podmiotu planuj\u0105cego prowadzenie opieki nad dzie\u0107mi do lat 3. Wym\u00f3g [&hellip;]<\/p>\n","protected":false},"author":11,"featured_media":617,"comment_status":"closed","ping_status":"closed","sticky":false,"template":"","format":"standard","meta":{"_lmt_disableupdate":"","_lmt_disable":"","footnotes":""},"categories":[1439],"tags":[],"class_list":["post-616","post","type-post","status-publish","format-standard","has-post-thumbnail","hentry","category-porady-i-aktualnosci"],"aioseo_notices":[],"modified_by":"Agnieszka Dere\u017cy\u0144ska","_links":{"self":[{"href":"https:\/\/e-opiekun.pl\/aktualnosci\/wp-json\/wp\/v2\/posts\/616","targetHints":{"allow":["GET"]}}],"collection":[{"href":"https:\/\/e-opiekun.pl\/aktualnosci\/wp-json\/wp\/v2\/posts"}],"about":[{"href":"https:\/\/e-opiekun.pl\/aktualnosci\/wp-json\/wp\/v2\/types\/post"}],"author":[{"embeddable":true,"href":"https:\/\/e-opiekun.pl\/aktualnosci\/wp-json\/wp\/v2\/users\/11"}],"replies":[{"embeddable":true,"href":"https:\/\/e-opiekun.pl\/aktualnosci\/wp-json\/wp\/v2\/comments?post=616"}],"version-history":[{"count":2,"href":"https:\/\/e-opiekun.pl\/aktualnosci\/wp-json\/wp\/v2\/posts\/616\/revisions"}],"predecessor-version":[{"id":620,"href":"https:\/\/e-opiekun.pl\/aktualnosci\/wp-json\/wp\/v2\/posts\/616\/revisions\/620"}],"wp:featuredmedia":[{"embeddable":true,"href":"https:\/\/e-opiekun.pl\/aktualnosci\/wp-json\/wp\/v2\/media\/617"}],"wp:attachment":[{"href":"https:\/\/e-opiekun.pl\/aktualnosci\/wp-json\/wp\/v2\/media?parent=616"}],"wp:term":[{"taxonomy":"category","embeddable":true,"href":"https:\/\/e-opiekun.pl\/aktualnosci\/wp-json\/wp\/v2\/categories?post=616"},{"taxonomy":"post_tag","embeddable":true,"href":"https:\/\/e-opiekun.pl\/aktualnosci\/wp-json\/wp\/v2\/tags?post=616"}],"curies":[{"name":"wp","href":"https:\/\/api.w.org\/{rel}","templated":true}]}}