{"id":557,"date":"2025-12-08T18:53:32","date_gmt":"2025-12-08T17:53:32","guid":{"rendered":"https:\/\/e-opiekun.pl\/aktualnosci\/?p=557"},"modified":"2025-12-08T18:53:32","modified_gmt":"2025-12-08T17:53:32","slug":"opiekun-dzienny-wymagania-i-predyspozycje-co-trzeba-wiedziec","status":"publish","type":"post","link":"https:\/\/e-opiekun.pl\/aktualnosci\/opiekun-dzienny-wymagania-i-predyspozycje-co-trzeba-wiedziec\/","title":{"rendered":"Opiekun dzienny wymagania i predyspozycje \u2013 co trzeba wiedzie\u0107?"},"content":{"rendered":"\n<p>Zastanawiasz si\u0119, czy praca z najm\u0142odszymi to zaj\u0119cie dla Ciebie? Je\u015bli czujesz powo\u0142anie, lubisz prac\u0119 z dzie\u0107mi i chcesz stworzy\u0107 bezpieczne, domowe warunki opieki, ta \u015bcie\u017cka mo\u017ce by\u0107 idealna. Sprawd\u017a,<strong> jakie wymagania musi spe\u0142ni\u0107 opiekun dzienny<\/strong> oraz jakie predyspozycje s\u0105 wa\u017cne.<\/p>\n\n\n\n<h2 class=\"wp-block-heading\">Opiekun dzienny \u2013 wymagania. Jakie formalno\u015bci musz\u0105 by\u0107 spe\u0142nione?<\/h2>\n\n\n\n<p>Zaw\u00f3d opiekuna dziennego jest<strong> regulowany przepisami Ustawy o opiece nad dzie\u0107mi w wieku do lat 3. <\/strong>Oznacza to, \u017ce osoba pe\u0142ni\u0105ca t\u0119 funkcj\u0119 musi spe\u0142ni\u0107 konkretne kryteria. Wymagania obejmuj\u0105 zar\u00f3wno kwestie formalne, jak i kompetencje zawodowe. Niezb\u0119dne jest te\u017c spe\u0142nienie warunk\u00f3w zatrudnienia \u2013 mo\u017cliwa jest:<\/p>\n\n\n\n<ul class=\"wp-block-list\">\n<li><strong>umowa o prac\u0119;<\/strong><\/li>\n\n\n\n<li><strong>dzia\u0142alno\u015b\u0107 gospodarcza;<\/strong><\/li>\n\n\n\n<li><strong>umowa o \u015bwiadczenie us\u0142ug.<\/strong><\/li>\n<\/ul>\n\n\n\n<p>Aby zosta\u0107 opiekunem dziennym, nale\u017cy&nbsp; mie\u0107 m.in.:<\/p>\n\n\n\n<ul class=\"wp-block-list\">\n<li><strong>uko\u0144czony kurs kompetencji opieku\u0144czych<\/strong>, np. <a href=\"https:\/\/e-opiekun.pl\/kursy\/1\" title=\"\">szkolenie na opiekuna w \u017c\u0142obku lub klubie dzieci\u0119cym<\/a>;<\/li>\n\n\n\n<li><strong>potwierdzon\u0105 niekaralno\u015b\u0107 oraz brak tocz\u0105cych si\u0119 post\u0119powa\u0144<\/strong>;<\/li>\n\n\n\n<li><strong>brak zaleg\u0142o\u015bci w obowi\u0105zku alimentacyjnym<\/strong>.<\/li>\n<\/ul>\n\n\n\n<h2 class=\"wp-block-heading\">Jakie predyspozycje osobowo\u015bciowe s\u0105 wa\u017cne?<\/h2>\n\n\n\n<p><strong>Najwa\u017cniejsze s\u0105 umiej\u0119tno\u015b\u0107 budowania poczucia bezpiecze\u0144stwa u dzieci i <\/strong>gotowo\u015b\u0107 do pe\u0142nienia odpowiedzialnej roli, kt\u00f3ra wykracza poza standardowe obowi\u0105zki zawodowe. <strong>Najwa\u017cniejsze predyspozycje opiekuna dziennego to:<\/strong><\/p>\n\n\n\n<ul class=\"wp-block-list\">\n<li>wysoka odpowiedzialno\u015b\u0107 i empatia;<\/li>\n\n\n\n<li>cierpliwo\u015b\u0107 po\u0142\u0105czona z kreatywno\u015bci\u0105;<\/li>\n\n\n\n<li>umiej\u0119tno\u015b\u0107 obserwacji i reagowania na potrzeby dziecka;<\/li>\n\n\n\n<li>dobra organizacja pracy oraz planowanie dnia;<\/li>\n\n\n\n<li>\u0142atwo\u015b\u0107 komunikacji i wsp\u00f3\u0142pracy z rodzicami.<\/li>\n<\/ul>\n\n\n\n<figure class=\"wp-block-image size-large\"><img loading=\"lazy\" decoding=\"async\" width=\"1024\" height=\"683\" src=\"https:\/\/e-opiekun.pl\/aktualnosci\/wp-content\/uploads\/2025\/12\/opiekun-dzienny-jakie-wymagania-1024x683.jpg\" alt=\"opiekun dzienny jakie wymagania\" class=\"wp-image-559\" srcset=\"https:\/\/e-opiekun.pl\/aktualnosci\/wp-content\/uploads\/2025\/12\/opiekun-dzienny-jakie-wymagania-1024x683.jpg 1024w, https:\/\/e-opiekun.pl\/aktualnosci\/wp-content\/uploads\/2025\/12\/opiekun-dzienny-jakie-wymagania-300x200.jpg 300w, https:\/\/e-opiekun.pl\/aktualnosci\/wp-content\/uploads\/2025\/12\/opiekun-dzienny-jakie-wymagania-768x512.jpg 768w, https:\/\/e-opiekun.pl\/aktualnosci\/wp-content\/uploads\/2025\/12\/opiekun-dzienny-jakie-wymagania-1536x1024.jpg 1536w, https:\/\/e-opiekun.pl\/aktualnosci\/wp-content\/uploads\/2025\/12\/opiekun-dzienny-jakie-wymagania-2048x1365.jpg 2048w, https:\/\/e-opiekun.pl\/aktualnosci\/wp-content\/uploads\/2025\/12\/opiekun-dzienny-jakie-wymagania-696x464.jpg 696w, https:\/\/e-opiekun.pl\/aktualnosci\/wp-content\/uploads\/2025\/12\/opiekun-dzienny-jakie-wymagania-1068x712.jpg 1068w, https:\/\/e-opiekun.pl\/aktualnosci\/wp-content\/uploads\/2025\/12\/opiekun-dzienny-jakie-wymagania-630x420.jpg 630w\" sizes=\"auto, (max-width: 1024px) 100vw, 1024px\" \/><\/figure>\n\n\n\n<h2 class=\"wp-block-heading\">Jak przygotowa\u0107 si\u0119 do roli opiekuna dziennego w praktyce?<\/h2>\n\n\n\n<p>\u015awiadome przygotowanie jest kluczem do sukcesu. Zanim rozpoczniesz prac\u0119,<strong> zapoznaj si\u0119 z wymogami prawnymi i zadbaj o zdobycie niezb\u0119dnych kompetencji. <\/strong>Na co zwr\u00f3ci\u0107 uwag\u0119 jako opiekun dzienny? Wymagania obejmuj\u0105 <strong>zar\u00f3wno wiedz\u0119, jak i do\u015bwiadczenie, <\/strong>kt\u00f3re pozwala zrozumie\u0107 potrzeby najm\u0142odszych.<\/p>\n\n\n\n<h3 class=\"wp-block-heading\">Jak przygotowa\u0107 si\u0119 do roli opiekuna krok po kroku?<\/h3>\n\n\n\n<ol class=\"wp-block-list\">\n<li><strong>Uko\u0144czenie specjalistycznego kursu<\/strong> zgodnego z przepisami, obejmuj\u0105cego zagadnienia opieku\u0144cze, rozwojowe i bezpiecze\u0144stwa.<\/li>\n\n\n\n<li><strong>Zdobycie do\u015bwiadczenia w pracy z dzie\u0107mi <\/strong>\u2013 wolontariat, praktyki, wsparcie animacji.<\/li>\n\n\n\n<li><strong>Przygotowanie miejsca opieki<\/strong> \u2013 wyznaczenie przestrzeni, zachowanie standard\u00f3w bezpiecze\u0144stwa, dostosowanie warunk\u00f3w sanitarnych.<\/li>\n<\/ol>\n\n\n\n<p>Rola opiekuna dziennego to odpowiedzialno\u015b\u0107, ale te\u017c <strong>ogromna satysfakcja.<\/strong> Je\u015bli czujesz, \u017ce to droga dla Ciebie \u2013 zacznij dzia\u0142a\u0107! Zapoznaj si\u0119 z przepisami, zweryfikuj wymagania i <strong>zainwestuj w rozw\u00f3j zawodowy poprzez <\/strong><a href=\"https:\/\/e-opiekun.pl\/kursy\/1\"><strong>Szkolenie na Opiekuna w \u017b\u0142obku lub Klubie Dzieci\u0119cym<\/strong><\/a><strong> <\/strong>na e-opiekun.pl. To dobry moment, by zamieni\u0107 pasj\u0119 do pracy z dzie\u0107mi w stabiln\u0105 i potrzebn\u0105 profesj\u0119.<\/p>\n\n\n\n<p>Je\u015bli chcesz wiedzie\u0107 wi\u0119cej, sprawd\u017a tak\u017ce, <a href=\"https:\/\/e-opiekun.pl\/aktualnosci\/jak-przygotowac-sie-do-pracy-w-zlobku\/\">jak przygotowa\u0107 si\u0119 do pracy w \u017c\u0142obku<\/a>.<\/p>\n\n\n\n<h2 class=\"wp-block-heading\">FAQ<\/h2>\n\n\n\n<h3 class=\"wp-block-heading\">Jakie s\u0105 podstawowe wymagania opiekuna dziennego okre\u015blone w ustawie?<\/h3>\n\n\n\n<p>Przepisy obejmuj\u0105 m.in. wymagane kompetencje, niekaralno\u015b\u0107, uko\u0144czenie odpowiednich szkole\u0144 oraz zapewnienie w\u0142a\u015bciwych warunk\u00f3w lokalowych do sprawowania opieki.<\/p>\n\n\n\n<h3 class=\"wp-block-heading\">Czy trzeba mie\u0107 wykszta\u0142cenie pedagogiczne, aby zosta\u0107 opiekunem dziennym?<\/h3>\n\n\n\n<p>Nie, wykszta\u0142cenie pedagogiczne nie jest wymagane, poniewa\u017c t\u0119 rol\u0119 mo\u017cna pe\u0142ni\u0107 po uko\u0144czeniu obowi\u0105zkowego szkolenia dla opiekun\u00f3w dziennych dost\u0119pnego na e-opiekun.pl.<\/p>\n\n\n\n<h3 class=\"wp-block-heading\">Czy praca opiekuna dziennego wymaga prowadzenia dzia\u0142alno\u015bci gospodarczej?<\/h3>\n\n\n\n<p>Nie, praca opiekuna dziennego nie wymaga prowadzenia dzia\u0142alno\u015bci gospodarczej, poniewa\u017c mo\u017cna pracowa\u0107 na podstawie umowy z gmin\u0105 lub podmiotem prowadz\u0105cym instytucj\u0119 opieki.<\/p>\n","protected":false},"excerpt":{"rendered":"<p>Zastanawiasz si\u0119, czy praca z najm\u0142odszymi to zaj\u0119cie dla Ciebie? Je\u015bli czujesz powo\u0142anie, lubisz prac\u0119 z dzie\u0107mi i chcesz stworzy\u0107 bezpieczne, domowe warunki opieki, ta \u015bcie\u017cka mo\u017ce by\u0107 idealna. Sprawd\u017a, jakie wymagania musi spe\u0142ni\u0107 opiekun dzienny oraz jakie predyspozycje s\u0105 wa\u017cne. Opiekun dzienny \u2013 wymagania. Jakie formalno\u015bci musz\u0105 by\u0107 spe\u0142nione? Zaw\u00f3d opiekuna dziennego jest regulowany [&hellip;]<\/p>\n","protected":false},"author":6,"featured_media":560,"comment_status":"closed","ping_status":"closed","sticky":false,"template":"","format":"standard","meta":{"_lmt_disableupdate":"","_lmt_disable":"","footnotes":""},"categories":[1436],"tags":[],"class_list":["post-557","post","type-post","status-publish","format-standard","has-post-thumbnail","hentry","category-opiekun-w-zlobku"],"aioseo_notices":[],"modified_by":"Karolina Grad","_links":{"self":[{"href":"https:\/\/e-opiekun.pl\/aktualnosci\/wp-json\/wp\/v2\/posts\/557","targetHints":{"allow":["GET"]}}],"collection":[{"href":"https:\/\/e-opiekun.pl\/aktualnosci\/wp-json\/wp\/v2\/posts"}],"about":[{"href":"https:\/\/e-opiekun.pl\/aktualnosci\/wp-json\/wp\/v2\/types\/post"}],"author":[{"embeddable":true,"href":"https:\/\/e-opiekun.pl\/aktualnosci\/wp-json\/wp\/v2\/users\/6"}],"replies":[{"embeddable":true,"href":"https:\/\/e-opiekun.pl\/aktualnosci\/wp-json\/wp\/v2\/comments?post=557"}],"version-history":[{"count":1,"href":"https:\/\/e-opiekun.pl\/aktualnosci\/wp-json\/wp\/v2\/posts\/557\/revisions"}],"predecessor-version":[{"id":561,"href":"https:\/\/e-opiekun.pl\/aktualnosci\/wp-json\/wp\/v2\/posts\/557\/revisions\/561"}],"wp:featuredmedia":[{"embeddable":true,"href":"https:\/\/e-opiekun.pl\/aktualnosci\/wp-json\/wp\/v2\/media\/560"}],"wp:attachment":[{"href":"https:\/\/e-opiekun.pl\/aktualnosci\/wp-json\/wp\/v2\/media?parent=557"}],"wp:term":[{"taxonomy":"category","embeddable":true,"href":"https:\/\/e-opiekun.pl\/aktualnosci\/wp-json\/wp\/v2\/categories?post=557"},{"taxonomy":"post_tag","embeddable":true,"href":"https:\/\/e-opiekun.pl\/aktualnosci\/wp-json\/wp\/v2\/tags?post=557"}],"curies":[{"name":"wp","href":"https:\/\/api.w.org\/{rel}","templated":true}]}}