{"id":488,"date":"2025-06-09T08:26:01","date_gmt":"2025-06-09T06:26:01","guid":{"rendered":"https:\/\/e-opiekun.pl\/aktualnosci\/?p=488"},"modified":"2025-06-09T08:26:01","modified_gmt":"2025-06-09T06:26:01","slug":"czy-dyrektor-zlobka-moze-byc-jednoczesnie-opiekunem-pytania-zwiazane-z-laczeniem-rol","status":"publish","type":"post","link":"https:\/\/e-opiekun.pl\/aktualnosci\/czy-dyrektor-zlobka-moze-byc-jednoczesnie-opiekunem-pytania-zwiazane-z-laczeniem-rol\/","title":{"rendered":"Czy dyrektor \u017c\u0142obka mo\u017ce by\u0107 jednocze\u015bnie opiekunem? Pytania zwi\u0105zane z \u0142\u0105czeniem r\u00f3l"},"content":{"rendered":"\n<p>Czy dyrektor \u017c\u0142obka mo\u017ce by\u0107 jednocze\u015bnie opiekunem? Po\u0142\u0105czenie roli zarz\u0105dczej z codzienn\u0105 trosk\u0105 o maluchy budzi emocje i rodzi pytania o praktyk\u0119, prawo i bezpiecze\u0144stwo najm\u0142odszych. Dla wielu rodzic\u00f3w to kwestia zaufania, a dla pracownik\u00f3w \u2013 realne wyzwanie zawodowe.<\/p>\n\n\n\n<p>Temat niew\u0105tpliwie budzi emocje, poniewa\u017c dotyczy jako\u015bci opieki, atmosfery w \u017c\u0142obku i efektywno\u015bci zarz\u0105dzania. W tym artykule rozwiejemy w\u0105tpliwo\u015bci, omawiaj\u0105c przepisy, wyzwania i korzy\u015bci p\u0142yn\u0105ce z \u0142\u0105czenia powy\u017cszych r\u00f3l. Poznaj praktyczne wskaz\u00f3wki i przyk\u0142ady z \u017cycia \u017c\u0142obk\u00f3w, w kt\u00f3rych dyrektorzy pe\u0142ni\u0105 funkcj\u0119 opiekun\u00f3w.<\/p>\n\n\n\n<h2 class=\"wp-block-heading\">Jakie s\u0105 g\u0142\u00f3wne obowi\u0105zki dyrektora \u017c\u0142obka?<\/h2>\n\n\n\n<p>Dyrektor \u017c\u0142obka odpowiada za wiele istotnych aspekt\u00f3w dzia\u0142alno\u015bci plac\u00f3wki opieku\u0144czej. Do jego podstawowych obowi\u0105zk\u00f3w nale\u017cy <strong>zarz\u0105dzanie personelem<\/strong>, w tym rekrutacja, motywowanie i ocena pracy opiekun\u00f3w oraz innych pracownik\u00f3w.&nbsp;<\/p>\n\n\n\n<p>Odpowiada tak\u017ce za <strong>przestrzeganie przepis\u00f3w prawa dotycz\u0105cych opieki nad dzie\u0107mi, bezpiecze\u0144stwa i higieny pracy<\/strong>, a tak\u017ce za realizacj\u0119 program\u00f3w edukacyjnych i opieku\u0144czych. Ponadto do jego zada\u0144 nale\u017cy <strong>nadz\u00f3r nad organizacj\u0105 pracy \u017c\u0142obka, <\/strong>prowadzenie dokumentacji oraz kontakt i wsp\u00f3\u0142praca z rodzicami.<\/p>\n\n\n\n<p>Efektywne pe\u0142nienie powy\u017cszych obowi\u0105zk\u00f3w wymaga <strong>wysokich kompetencji organizacyjnych, umiej\u0119tno\u015bci zarz\u0105dzania czasem i podejmowania decyzji strategicznych<\/strong>.<\/p>\n\n\n\n<h2 class=\"wp-block-heading\">Co m\u00f3wi\u0105 przepisy? Czy dyrektor \u017c\u0142obka mo\u017ce by\u0107 jednocze\u015bnie opiekunem?<\/h2>\n\n\n\n<p>Z punktu widzenia prawa obecnie nie istniej\u0105 przepisy, kt\u00f3re jednoznacznie zabrania\u0142yby \u0142\u0105czenia funkcji dyrektora \u017c\u0142obka z rol\u0105 opiekuna. Oznacza to, \u017ce odpowied\u017a na pytanie \u201eczy dyrektor \u017c\u0142obka mo\u017ce by\u0107 jednocze\u015bnie opiekunem\u201d jest w du\u017cej mierze pozytywna \u2014 o ile <strong>pe\u0142nienie obu funkcji nie koliduje z obowi\u0105zkami kierowniczymi oraz zapewnia bezpiecze\u0144stwo i wysok\u0105 jako\u015b\u0107 opieki.<\/strong><\/p>\n\n\n\n<p>Ustawodawstwo pozostawia tutaj pewn\u0105 elastyczno\u015b\u0107, ale z du\u017cym naciskiem na <strong>odpowiedzialne zarz\u0105dzanie czasem i zasobami plac\u00f3wki.<\/strong> Innymi s\u0142owy, dyrektor musi umiej\u0119tnie godzi\u0107 zadania administracyjne z bezpo\u015bredni\u0105 prac\u0105 z dzie\u0107mi, aby \u017cadna z tych funkcji nie ucierpia\u0142a.<\/p>\n\n\n<div\n\t\tclass=\"free align wp-block-btn-button\"\tid='btnButton-1'\n\tdata-nonce='&quot;1a872ba66a&quot;'\n\tdata-attributes='{&quot;cPostId&quot;:487,&quot;text&quot;:&quot;SPRAWD\\u0179 KURSY NA E-OPIEKUN.PL I ROZWIJAJ SWOJE UMIEJ\\u0118TNO\\u015aCI, ABY Z \\u0141ATWO\\u015aCI\\u0104 PODNIE\\u015a\\u0106 STANDARDY SWOJEJ PLAC\\u00d3WKI! &quot;,&quot;url&quot;:&quot;https:\\\/\\\/e-opiekun.pl\\\/&quot;,&quot;icon&quot;:{&quot;class&quot;:&quot;fa-solid fa-graduation-cap&quot;},&quot;animationType&quot;:&quot;zoom-in&quot;,&quot;colors&quot;:{&quot;color&quot;:&quot;#fff&quot;,&quot;bg&quot;:&quot;#4527a4&quot;,&quot;bgType&quot;:&quot;gradient&quot;,&quot;gradient&quot;:&quot;linear-gradient(135deg,rgb(253,140,1) 0%,rgb(245,115,2) 100%)&quot;},&quot;hovColors&quot;:{&quot;color&quot;:&quot;#fff&quot;,&quot;bg&quot;:&quot;#8344c5&quot;,&quot;bgType&quot;:&quot;gradient&quot;,&quot;gradient&quot;:&quot;linear-gradient(135deg,rgb(94,149,200) 0%,rgb(64,128,188) 100%)&quot;},&quot;border&quot;:{&quot;radius&quot;:&quot;50px&quot;},&quot;align&quot;:&quot;&quot;,&quot;actionType&quot;:&quot;link&quot;,&quot;security&quot;:&quot;none&quot;,&quot;securityPassword&quot;:&quot;&quot;,&quot;tooltip&quot;:&quot;&quot;,&quot;tooltipPos&quot;:&quot;top&quot;,&quot;target&quot;:&quot;_self&quot;,&quot;attrs&quot;:{&quot;rel&quot;:&quot;noreferrer&quot;,&quot;referrerpolicy&quot;:&quot;no-referrer&quot;},&quot;hideOn&quot;:{&quot;desktop&quot;:false,&quot;tablet&quot;:false,&quot;mobile&quot;:false},&quot;isDownload&quot;:false,&quot;downloadFileName&quot;:&quot;&quot;,&quot;isUpIcon&quot;:false,&quot;upIcon&quot;:{&quot;id&quot;:null,&quot;url&quot;:&quot;&quot;,&quot;alt&quot;:&quot;&quot;,&quot;title&quot;:&quot;&quot;},&quot;iconPos&quot;:&quot;left&quot;,&quot;type&quot;:&quot;flat&quot;,&quot;isFullWidth&quot;:false,&quot;size&quot;:&quot;medium&quot;,&quot;popup&quot;:{&quot;type&quot;:&quot;image&quot;,&quot;content&quot;:&quot;&quot;,&quot;caption&quot;:&quot;&quot;,&quot;width&quot;:&quot;&quot;},&quot;animationDuration&quot;:0.4,&quot;addID&quot;:&quot;&quot;,&quot;addCSS&quot;:&quot;&quot;,&quot;alignment&quot;:&quot;center&quot;,&quot;typography&quot;:{&quot;fontSize&quot;:{&quot;desktop&quot;:&quot;16px&quot;},&quot;fontWeight&quot;:600,&quot;textDecoration&quot;:&quot;none&quot;},&quot;padding&quot;:{&quot;vertical&quot;:&quot;12px&quot;,&quot;horizontal&quot;:&quot;24px&quot;},&quot;shadow&quot;:[]}'\n\tdata-info='{&quot;userRoles&quot;:[],&quot;loginURL&quot;:&quot;https:\\\/\\\/e-opiekun.pl\\\/aktualnosci\\\/wp-login.php&quot;}'\n><\/div>\n\n\n\n<h2 class=\"wp-block-heading\">Potencjalne trudno\u015bci i konflikty interes\u00f3w<\/h2>\n\n\n\n<p>Cho\u0107 \u0142\u0105czenie funkcji dyrektora i opiekuna mo\u017ce na pierwszy rzut oka wydawa\u0107 si\u0119 efektywnym rozwi\u0105zaniem, w praktyce wi\u0105\u017ce si\u0119 z szeregiem powa\u017cnych wyzwa\u0144. Trudno o pe\u0142n\u0105 obiektywno\u015b\u0107 w ocenie zespo\u0142u, kiedy samemu uczestniczy si\u0119 w codziennej pracy opieku\u0144czej. <strong>Rola lidera wymaga strategicznego spojrzenia<\/strong> i zdolno\u015bci do podejmowania decyzji z my\u015bl\u0105 o ca\u0142ej plac\u00f3wce \u2013 co mo\u017ce by\u0107 trudne, gdy r\u00f3wnocze\u015bnie anga\u017cuje si\u0119 w emocjonalnie wymagaj\u0105c\u0105 prac\u0119 z dzie\u0107mi.<\/p>\n\n\n\n<p>Dodatkowo<strong> istnieje realne ryzyko przeci\u0105\u017cenia obowi\u0105zkami<\/strong>, kt\u00f3re mo\u017ce prowadzi\u0107 do szybkiego wypalenia zawodowego. Brak wyra\u017anego podzia\u0142u kompetencji i czasu to nie tylko problem organizacyjny \u2013 to potencjalne zagro\u017cenie dla jako\u015bci zarz\u0105dzania plac\u00f3wk\u0105 i bezpiecze\u0144stwa najm\u0142odszych.<\/p>\n\n\n\n<h2 class=\"wp-block-heading\">Praktyczne przyk\u0142ady \u2013 jak to dzia\u0142a w \u017c\u0142obkach?<\/h2>\n\n\n\n<p>W praktyce zdarzaj\u0105 si\u0119 plac\u00f3wki, gdzie dyrektorzy z powodzeniem \u0142\u0105cz\u0105 funkcj\u0119 kierownicz\u0105 z rol\u0105 opiekuna. Taki model <strong>pozwala im na bli\u017cszy kontakt z dzie\u0107mi, lepsze zrozumienie ich potrzeb oraz szybkie reagowanie na sytuacje kryzysowe. <\/strong>Ponadto rodzice doceniaj\u0105 fakt, \u017ce dyrektor osobi\u015bcie anga\u017cuje si\u0119 w opiek\u0119 nad dzie\u0107mi, co buduje zaufanie i pozytywny wizerunek \u017c\u0142obka.&nbsp;<\/p>\n\n\n\n<p>Blisko\u015b\u0107 z podopiecznymi pozwala r\u00f3wnie\u017c na bardziej precyzyjne dostosowanie oferty do rzeczywistych potrzeb grupy. Sprawd\u017a tak\u017ce, <a href=\"https:\/\/e-opiekun.pl\/aktualnosci\/kto-moze-pracowac-w-zlobku-kompetencje-niezbedne-do-pracy-z-dziecmi\/\">kto mo\u017ce pracowa\u0107 w \u017c\u0142obku<\/a> i jakie kompetencje s\u0105 potrzebne do pracy z dzie\u0107mi.<\/p>\n\n\n\n<h2 class=\"wp-block-heading\">Jak skutecznie zarz\u0105dza\u0107 obowi\u0105zkami w obu rolach?<\/h2>\n\n\n\n<p>Podstaw\u0105 powodzenia takiego rozwi\u0105zania jest dobre zorganizowanie czasu i pracy. Na co nale\u017cy zwr\u00f3ci\u0107 uwag\u0119? Sprawd\u017a poni\u017csze wskaz\u00f3wki:<\/p>\n\n\n\n<ul class=\"wp-block-list\">\n<li>tworzenie harmonogramu, kt\u00f3ry jasno wydziela czas na obowi\u0105zki dyrektorskie i opieku\u0144cze;<\/li>\n\n\n\n<li>delegowanie zada\u0144 administracyjnych na innych pracownik\u00f3w, aby nie przeci\u0105\u017ca\u0107 si\u0119 obowi\u0105zkami;<\/li>\n\n\n\n<li>regularna i otwarta komunikacja z zespo\u0142em pozwala na bie\u017c\u0105co rozwi\u0105zywa\u0107 problemy i unika\u0107 konflikt\u00f3w;<\/li>\n\n\n\n<li>korzystanie z narz\u0119dzi do zarz\u0105dzania czasem, takich jak kalendarze, planery czy aplikacje, pomaga w efektywnym planowaniu dnia.<\/li>\n<\/ul>\n\n\n\n<h2 class=\"wp-block-heading\">Zalety \u0142\u0105czenia r\u00f3l dyrektora i opiekuna<\/h2>\n\n\n\n<p>Po\u0142\u0105czenie obu tych funkcji mo\u017ce przynie\u015b\u0107 wiele korzy\u015bci. Przede wszystkim umo\u017cliwia<strong> lepszy kontakt z dzie\u0107mi oraz personelem,<\/strong> co sprzyja budowaniu ciep\u0142ej i wspieraj\u0105cej atmosfery.&nbsp;<\/p>\n\n\n\n<p>Dyrektor maj\u0105cy bezpo\u015bredni kontakt z podopiecznymi mo\u017ce<strong> skuteczniej kontrolowa\u0107 jako\u015b\u0107 opieki i szybciej reagowa\u0107 na ewentualne problemy.<\/strong> Ponadto takie zaanga\u017cowanie wp\u0142ywa pozytywnie na wizerunek plac\u00f3wki w oczach rodzic\u00f3w, kt\u00f3rzy widz\u0105, \u017ce kierownictwo naprawd\u0119 zna i rozumie codzienne potrzeby dzieci.<\/p>\n\n\n\n<h2 class=\"wp-block-heading\">Wady i zagro\u017cenia podw\u00f3jnej roli w \u017c\u0142obku<\/h2>\n\n\n\n<p>Nie mo\u017cna jednak zapomina\u0107 o ryzykach. Przede wszystkim istnieje <strong>du\u017ce niebezpiecze\u0144stwo przeci\u0105\u017cenia obowi\u0105zkami<\/strong>, co mo\u017ce skutkowa\u0107 brakiem czasu na strategiczne my\u015blenie i rozw\u00f3j plac\u00f3wki. Dodatkowo \u0142\u0105czenie roli \u201eszefa\u201d z rol\u0105 \u201ecz\u0142onka zespo\u0142u\u201d wymaga <strong>du\u017cej dojrza\u0142o\u015bci i umiej\u0119tno\u015bci rozdzielenia tych funkcji,<\/strong> co nie zawsze jest \u0142atwe.&nbsp;<\/p>\n\n\n\n<p>Sukces modelu zale\u017cy w du\u017cej mierze od wysokich kompetencji zarz\u0105dczych i interpersonalnych dyrektora.<\/p>\n\n\n\n<h2 class=\"wp-block-heading\">Jakie umiej\u0119tno\u015bci powinien mie\u0107 dyrektor-opiekun?<\/h2>\n\n\n\n<p>Aby efektywnie \u0142\u0105czy\u0107 rol\u0119 dyrektora i opiekuna, niezb\u0119dne s\u0105:<\/p>\n\n\n\n<ul class=\"wp-block-list\">\n<li>Doskona\u0142a komunikacja oraz umiej\u0119tno\u015b\u0107 budowania relacji.<\/li>\n\n\n\n<li>Wysoka organizacja pracy i zdolno\u015b\u0107 do planowania zada\u0144.<\/li>\n\n\n\n<li>Przyw\u00f3dztwo po\u0142\u0105czone z empati\u0105 i elastyczno\u015bci\u0105.<\/li>\n\n\n\n<li>Umiej\u0119tno\u015b\u0107 stawiania granic mi\u0119dzy obowi\u0105zkami dyrektora i opiekuna.<\/li>\n\n\n\n<li>Otwarto\u015b\u0107 na wsp\u00f3\u0142prac\u0119 i przyjmowanie informacji zwrotnej od zespo\u0142u i rodzic\u00f3w.<\/li>\n<\/ul>\n\n\n\n<h2 class=\"wp-block-heading\">\u0141\u0105czenie r\u00f3l jest mo\u017cliwe, ale nie dla ka\u017cdego<\/h2>\n\n\n\n<p>Odpowiadaj\u0105c na pytanie, czy dyrektor \u017c\u0142obka mo\u017ce by\u0107 jednocze\u015bnie opiekunem, nale\u017cy podkre\u015bli\u0107, \u017ce takie<strong> rozwi\u0105zanie jest jak najbardziej mo\u017cliwe, ale wymaga przemy\u015blanego podej\u015bcia, <\/strong>odpowiednich kompetencji i dobrej organizacji pracy. Decyzja o po\u0142\u0105czeniu tych funkcji powinna by\u0107 \u015bwiadoma i opiera\u0107 si\u0119 na zasobach plac\u00f3wki oraz<strong> indywidualnych predyspozycjach dyrektora.<\/strong> Dobrze rozplanowane po\u0142\u0105czenie r\u00f3l mo\u017ce nie tylko wzmocni\u0107 relacje w \u017c\u0142obku, ale te\u017c podnie\u015b\u0107 jako\u015b\u0107 opieki i zwi\u0119kszy\u0107 autorytet dyrektora w oczach rodzic\u00f3w i zespo\u0142u.<\/p>\n\n\n\n<p>Je\u015bli zastanawiasz si\u0119, jak rozwija\u0107 swoje kompetencje zar\u00f3wno jako dyrektor, jak i opiekun, skorzystaj z kurs\u00f3w, kt\u00f3re pomog\u0105 Ci <strong>zdoby\u0107 niezb\u0119dn\u0105 wiedz\u0119 i umiej\u0119tno\u015bci. <\/strong>Sprawd\u017a ofert\u0119 na e-opiekun.pl i zainwestuj w sw\u00f3j rozw\u00f3j ju\u017c dzi\u015b! Wi\u0119cej informacji znajdziesz na stronie: <a href=\"https:\/\/e-opiekun.pl\/kursy\">https:\/\/e-opiekun.pl\/kursy<\/a>.&nbsp;<\/p>\n\n\n\n<p>Sprostaj wyzwaniom zwi\u0105zanym z \u0142\u0105czeniem roli dyrektora i opiekuna \u2013 zarz\u0105dzaj swoj\u0105 plac\u00f3wk\u0105 w spos\u00f3b efektowny i efektywny!<\/p>\n","protected":false},"excerpt":{"rendered":"<p>Czy dyrektor \u017c\u0142obka mo\u017ce by\u0107 jednocze\u015bnie opiekunem? Po\u0142\u0105czenie roli zarz\u0105dczej z codzienn\u0105 trosk\u0105 o maluchy budzi emocje i rodzi pytania o praktyk\u0119, prawo i bezpiecze\u0144stwo najm\u0142odszych. Dla wielu rodzic\u00f3w to kwestia zaufania, a dla pracownik\u00f3w \u2013 realne wyzwanie zawodowe. Temat niew\u0105tpliwie budzi emocje, poniewa\u017c dotyczy jako\u015bci opieki, atmosfery w \u017c\u0142obku i efektywno\u015bci zarz\u0105dzania. W tym [&hellip;]<\/p>\n","protected":false},"author":6,"featured_media":489,"comment_status":"closed","ping_status":"closed","sticky":false,"template":"","format":"standard","meta":{"_lmt_disableupdate":"","_lmt_disable":"","footnotes":""},"categories":[1439],"tags":[],"class_list":["post-488","post","type-post","status-publish","format-standard","has-post-thumbnail","hentry","category-porady-i-aktualnosci"],"aioseo_notices":[],"modified_by":"Karolina Grad","_links":{"self":[{"href":"https:\/\/e-opiekun.pl\/aktualnosci\/wp-json\/wp\/v2\/posts\/488","targetHints":{"allow":["GET"]}}],"collection":[{"href":"https:\/\/e-opiekun.pl\/aktualnosci\/wp-json\/wp\/v2\/posts"}],"about":[{"href":"https:\/\/e-opiekun.pl\/aktualnosci\/wp-json\/wp\/v2\/types\/post"}],"author":[{"embeddable":true,"href":"https:\/\/e-opiekun.pl\/aktualnosci\/wp-json\/wp\/v2\/users\/6"}],"replies":[{"embeddable":true,"href":"https:\/\/e-opiekun.pl\/aktualnosci\/wp-json\/wp\/v2\/comments?post=488"}],"version-history":[{"count":1,"href":"https:\/\/e-opiekun.pl\/aktualnosci\/wp-json\/wp\/v2\/posts\/488\/revisions"}],"predecessor-version":[{"id":490,"href":"https:\/\/e-opiekun.pl\/aktualnosci\/wp-json\/wp\/v2\/posts\/488\/revisions\/490"}],"wp:featuredmedia":[{"embeddable":true,"href":"https:\/\/e-opiekun.pl\/aktualnosci\/wp-json\/wp\/v2\/media\/489"}],"wp:attachment":[{"href":"https:\/\/e-opiekun.pl\/aktualnosci\/wp-json\/wp\/v2\/media?parent=488"}],"wp:term":[{"taxonomy":"category","embeddable":true,"href":"https:\/\/e-opiekun.pl\/aktualnosci\/wp-json\/wp\/v2\/categories?post=488"},{"taxonomy":"post_tag","embeddable":true,"href":"https:\/\/e-opiekun.pl\/aktualnosci\/wp-json\/wp\/v2\/tags?post=488"}],"curies":[{"name":"wp","href":"https:\/\/api.w.org\/{rel}","templated":true}]}}