{"id":453,"date":"2025-03-14T13:15:45","date_gmt":"2025-03-14T12:15:45","guid":{"rendered":"https:\/\/e-opiekun.pl\/aktualnosci\/?p=453"},"modified":"2025-03-14T13:15:46","modified_gmt":"2025-03-14T12:15:46","slug":"kto-moze-pracowac-w-zlobku-kompetencje-niezbedne-do-pracy-z-dziecmi","status":"publish","type":"post","link":"https:\/\/e-opiekun.pl\/aktualnosci\/kto-moze-pracowac-w-zlobku-kompetencje-niezbedne-do-pracy-z-dziecmi\/","title":{"rendered":"Kto mo\u017ce pracowa\u0107 w \u017c\u0142obku? \u2013 kompetencje niezb\u0119dne do pracy z dzie\u0107mi"},"content":{"rendered":"\n<p>Praca w \u017c\u0142obku to ogromna odpowiedzialno\u015b\u0107, wymagaj\u0105ca odpowiednich kwalifikacji zawodowych. Opr\u00f3cz wiedzy i umiej\u0119tno\u015bci kluczowe s\u0105 tak\u017ce cechy osobowo\u015bciowe, kt\u00f3re wp\u0142ywaj\u0105 na jako\u015b\u0107 opieki nad dzie\u0107mi. W tym artykule przyjrzymy si\u0119, jakie wymagania formalne musi spe\u0142nia\u0107 osoba, kt\u00f3ra chce pracowa\u0107 w \u017c\u0142obku oraz jakie kompetencje mi\u0119kkie s\u0105 wa\u017cne dla sukcesu w tej pracy.&nbsp;<\/p>\n\n\n\n<p>Je\u017celi zastanawiasz si\u0119, kto mo\u017ce pracowa\u0107 w \u017c\u0142obku i czy w\u0142a\u015bnie Ty masz odpowiednie predyspozycje, by podj\u0105\u0107 prac\u0119? Ten tekst pomo\u017ce Ci odpowiedzie\u0107 na te pytania!<\/p>\n\n\n\n<h2 class=\"wp-block-heading\">Kto mo\u017ce pracowa\u0107 w \u017c\u0142obku? \u2013 ustawa i wymagania formalne<\/h2>\n\n\n\n<p>W pracy w \u017c\u0142obku, tak jak w ka\u017cdej bran\u017cy, istniej\u0105 okre\u015blone wymagania formalne, kt\u00f3re kandydaci musz\u0105 spe\u0142nia\u0107. Kto mo\u017ce pracowa\u0107 w \u017c\u0142obku?<strong> Ustawa<\/strong><strong> o opiece nad dzie\u0107mi w wieku do 3 lat, <\/strong>obowi\u0105zuj\u0105ca w Polsce, jasno to okre\u015bla. Zgodnie z przepisami, opiekun musi posiada\u0107 odpowiednie wykszta\u0142cenie oraz kwalifikacje zawodowe.<\/p>\n\n\n\n<p>Kto mo\u017ce pracowa\u0107 w \u017c\u0142obku? Osoba, kt\u00f3ra posiada<strong> co najmniej \u015brednie wykszta\u0142cenie oraz:<\/strong><\/p>\n\n\n\n<ul class=\"wp-block-list\">\n<li><strong>minimum 2-letnie do\u015bwiadczenie w pracy z dzie\u0107mi do 3 lat;<\/strong><\/li>\n\n\n\n<li>przed podj\u0119ciem pracy jako opiekun w \u017c\u0142obku lub klubie dzieci\u0119cym uko\u0144czy\u0142a <strong>280-godzinne szkolenie<\/strong>, w tym przynajmniej 80 godzin zaj\u0119\u0107 praktycznych, kt\u00f3re obejmuj\u0105 bezpo\u015bredni\u0105 prac\u0119 z dzie\u0107mi.<\/li>\n<\/ul>\n\n\n\n<p>Opiekunem w \u017c\u0142obku lub klubie dzieci\u0119cym mo\u017ce zosta\u0107 osoba, kt\u00f3ra zapewnia odpowiedni\u0105 opiek\u0119 nad dzie\u0107mi, nie zosta\u0142a pozbawiona ani ograniczona w\u0142adzy rodzicielskiej, spe\u0142nia obowi\u0105zek alimentacyjny, je\u015bli taki obowi\u0105zek zosta\u0142 jej na\u0142o\u017cony przez s\u0105d oraz nie by\u0142a skazana prawomocnym wyrokiem za przest\u0119pstwo umy\u015blne. Trzeba tak\u017ce zaznaczy\u0107, \u017ce osoby pracuj\u0105ce w \u017c\u0142obku <strong>musz\u0105 regularnie odbywa\u0107 szkolenia doskonal\u0105ce, kt\u00f3re pozwol\u0105 na utrzymanie aktualnych kwalifikacji.<\/strong><\/p>\n\n\n\n<blockquote class=\"wp-block-quote is-layout-flow wp-block-quote-is-layout-flow\">\n<p><a href=\"https:\/\/e-opiekun.pl\/kursy\/1\" title=\"\"><em>CHCESZ ZOSTA\u0106 OPIEKUNEM W \u017b\u0141OBKU? ZDOB\u0104D\u0179 NIEZB\u0118DNE UMIEJ\u0118TNO\u015aCI! ZAPISZ SI\u0118 NA \u201eSZKOLENIE NA OPIEKUNA W \u017b\u0141OBKU LUB KLUBIE DZIECI\u0118CYM\u201d!\u00a0<\/em><\/a><\/p>\n<\/blockquote>\n\n\n\n<h2 class=\"wp-block-heading\">Cierpliwo\u015b\u0107 i empatia, czyli podstawowe cechy dobrego opiekuna<\/h2>\n\n\n\n<p>Praca z ma\u0142ymi dzie\u0107mi to zadanie wymagaj\u0105ce wielu cech charakteru, w tym przede wszystkim <strong>cierpliwo\u015bci<\/strong> i <strong>empatii<\/strong>. Dzieci w wieku \u017c\u0142obkowym s\u0105 w fazie intensywnego rozwoju emocjonalnego i poznawczego. Ka\u017cdy dzie\u0144 to <strong>nowe wyzwania <\/strong>\u2013 od moment\u00f3w rado\u015bci po trudniejsze chwile zwi\u0105zane z p\u0142aczem, zm\u0119czeniem czy niech\u0119ci\u0105 do rozstania z rodzicem.<\/p>\n\n\n\n<p>Cierpliwo\u015b\u0107 w pracy z dzie\u0107mi jest podstaw\u0105 efektywnej opieki. Ma\u0142e dzieci potrafi\u0105 by\u0107 wymagaj\u0105ce \u2013 czasami mog\u0105 prze\u017cywa\u0107 frustracj\u0119 z powodu trudno\u015bci w nauce nowych umiej\u0119tno\u015bci lub w relacjach z r\u00f3wie\u015bnikami. Opiekun musi w\u00f3wczas <strong>wykaza\u0107 si\u0119 nie tylko spokojem, ale tak\u017ce zrozumieniem i gotowo\u015bci\u0105 do po\u015bwi\u0119cenia odpowiedniej ilo\u015bci czasu<\/strong> na ka\u017cd\u0105 sytuacj\u0119. Dzieci w tym wieku ucz\u0105 si\u0119 przez zabaw\u0119 i interakcje, dlatego cierpliwo\u015b\u0107 pozwala na pe\u0142niejsze wykorzystanie tych naturalnych proces\u00f3w.<\/p>\n\n\n\n<p>Empatia natomiast pozwala na <strong>nawi\u0105zanie g\u0142\u0119bokiej wi\u0119zi z dzie\u0107mi.<\/strong> Opiekun, kt\u00f3ry potrafi wczu\u0107 si\u0119 w potrzeby maluch\u00f3w, szybciej zauwa\u017cy, gdy dziecko potrzebuje poczucia bezpiecze\u0144stwa, pocieszenia lub po prostu uwagi. Empatia wp\u0142ywa tak\u017ce na <strong>relacje z rodzicami <\/strong>\u2013 otwarta komunikacja i zrozumienie obaw rodzic\u00f3w pozwala na stworzenie atmosfery wzajemnego zaufania.<\/p>\n\n\n\n<h2 class=\"wp-block-heading\">Umiej\u0119tno\u015b\u0107 komunikacji i wsp\u00f3\u0142pracy \u2013 fundamenty codziennej pracy w \u017c\u0142obku<\/h2>\n\n\n\n<p>Opiekunowie w \u017c\u0142obku nie pracuj\u0105 w izolacji. Codziennie maj\u0105 <strong>do czynienia z rodzicami, innymi opiekunami oraz personelem administracyjnym.<\/strong> W\u0142a\u015bciwa komunikacja z dzie\u0107mi, rodzicami i wsp\u00f3\u0142pracownikami jest niezb\u0119dna, by zapewni\u0107 w\u0142a\u015bciw\u0105 opiek\u0119 i stworzy\u0107 harmonijn\u0105 atmosfer\u0119 w plac\u00f3wce.<\/p>\n\n\n\n<p>Maluchy nie rozumiej\u0105 jeszcze z\u0142o\u017conych zwrot\u00f3w, dlatego opiekunowie powinni pos\u0142ugiwa\u0107 si\u0119 <strong>prostym j\u0119zykiem, dostosowanym do wieku dziecka.<\/strong> W relacjach z rodzicami istotna jest r\u00f3wnie\u017c skuteczno\u015b\u0107 w przekazywaniu informacji o zachowaniu malucha, jego post\u0119pach oraz trudno\u015bciach, z jakimi si\u0119 boryka. Komunikacja w zespole opiekun\u00f3w \u017c\u0142obka jest tak\u017ce niezb\u0119dna \u2013 bez dobrej wsp\u00f3\u0142pracy trudno b\u0119dzie stworzy\u0107 sp\u00f3jny plan dnia i<strong> zapewni\u0107 ka\u017cdemu dziecku indywidualne podej\u015bcie. Sprawd\u017a tak\u017ce, <\/strong><a href=\"https:\/\/e-opiekun.pl\/aktualnosci\/opiekun-w-zlobku-jak-wygladaja-zarobki-w-tym-zawodzie\/\">jak wygl\u0105daj\u0105 zarobki opiekuna w \u017c\u0142obku.<\/a><\/p>\n\n\n\n<h2 class=\"wp-block-heading\">Praca zespo\u0142owa w \u017c\u0142obku \u2013 jak wsp\u00f3\u0142praca wp\u0142ywa na atmosfer\u0119 w plac\u00f3wce?<\/h2>\n\n\n\n<figure class=\"wp-block-image size-large\"><img loading=\"lazy\" decoding=\"async\" width=\"1024\" height=\"683\" src=\"https:\/\/e-opiekun.pl\/aktualnosci\/wp-content\/uploads\/2025\/03\/kto-moze-pracowac-w-zlobku-1024x683.jpg\" alt=\"kto moze pracowac w zlobku\" class=\"wp-image-454\" srcset=\"https:\/\/e-opiekun.pl\/aktualnosci\/wp-content\/uploads\/2025\/03\/kto-moze-pracowac-w-zlobku-1024x683.jpg 1024w, https:\/\/e-opiekun.pl\/aktualnosci\/wp-content\/uploads\/2025\/03\/kto-moze-pracowac-w-zlobku-300x200.jpg 300w, https:\/\/e-opiekun.pl\/aktualnosci\/wp-content\/uploads\/2025\/03\/kto-moze-pracowac-w-zlobku-768x512.jpg 768w, https:\/\/e-opiekun.pl\/aktualnosci\/wp-content\/uploads\/2025\/03\/kto-moze-pracowac-w-zlobku-1536x1024.jpg 1536w, https:\/\/e-opiekun.pl\/aktualnosci\/wp-content\/uploads\/2025\/03\/kto-moze-pracowac-w-zlobku-2048x1365.jpg 2048w, https:\/\/e-opiekun.pl\/aktualnosci\/wp-content\/uploads\/2025\/03\/kto-moze-pracowac-w-zlobku-696x464.jpg 696w, https:\/\/e-opiekun.pl\/aktualnosci\/wp-content\/uploads\/2025\/03\/kto-moze-pracowac-w-zlobku-1068x712.jpg 1068w, https:\/\/e-opiekun.pl\/aktualnosci\/wp-content\/uploads\/2025\/03\/kto-moze-pracowac-w-zlobku-630x420.jpg 630w\" sizes=\"auto, (max-width: 1024px) 100vw, 1024px\" \/><\/figure>\n\n\n\n<p>Ka\u017cdy cz\u0142onek zespo\u0142u powinien by\u0107 w stanie<strong> efektywnie wsp\u00f3\u0142dzia\u0142a\u0107 z innymi, by utrzyma\u0107 porz\u0105dek, a tak\u017ce zapewni\u0107 dzieciom komfort i bezpiecze\u0144stwo.<\/strong> Zgrany zesp\u00f3\u0142 pozwala na lepsze dostosowanie planu dnia do indywidualnych potrzeb dzieci, a tak\u017ce na reagowanie na sytuacje kryzysowe.<\/p>\n\n\n\n<h2 class=\"wp-block-heading\">Kreatywno\u015b\u0107 i elastyczno\u015b\u0107 w dzia\u0142aniu \u2013 jak anga\u017cowa\u0107 dzieci w codzienne zaj\u0119cia?<\/h2>\n\n\n\n<p>Praca z dzie\u0107mi w \u017c\u0142obku wymaga kreatywno\u015bci i pomys\u0142owo\u015bci. Pociechy w tym wieku<strong> ucz\u0105 si\u0119 poprzez zabaw\u0119,<\/strong> dlatego wa\u017cne jest, by opiekunowie potrafili stworzy\u0107 anga\u017cuj\u0105ce zaj\u0119cia, kt\u00f3re b\u0119d\u0105 stymulowa\u0107 rozw\u00f3j maluch\u00f3w.<\/p>\n\n\n\n<p>Przyk\u0142ady zaj\u0119\u0107 dla najm\u0142odszych obejmuj\u0105<strong> zabawy sensoryczne, rysowanie, gry ruchowe, \u015bpiewanie piosenek oraz zabawy edukacyjne. <\/strong>Pomys\u0142y musz\u0105 by\u0107 oczywi\u015bcie dostosowane do potrzeb dzieci w danym wieku, pomagaj\u0105c im rozwija\u0107 umiej\u0119tno\u015bci motoryczne, j\u0119zykowe oraz spo\u0142eczne.<\/p>\n\n\n\n<p>Pami\u0119taj, \u017ce dzieci s\u0105 zmienne \u2013 to, co dzia\u0142a jednego dnia, mo\u017ce nie sprawdzi\u0107 si\u0119 nast\u0119pnego. Jako opiekun, musisz by\u0107 <strong>gotowy na elastyczno\u015b\u0107 w planie dnia, <\/strong>dostosowuj\u0105c go do nastroju i potrzeb maluch\u00f3w.&nbsp;<\/p>\n\n\n\n<h2 class=\"wp-block-heading\">Odpowiedzialno\u015b\u0107 i umiej\u0119tno\u015b\u0107 radzenia sobie w trudnych sytuacjach&nbsp;<\/h2>\n\n\n\n<p>Praca w \u017c\u0142obku wi\u0105\u017ce si\u0119 z <strong>odpowiedzialno\u015bci\u0105 za bezpiecze\u0144stwo i zdrowie dzieci.<\/strong> Opiekunowie musz\u0105 by\u0107 gotowi na reagowanie w trudnych sytuacjach, takich jak p\u0142acz, choroba dziecka czy konflikt w grupie.<\/p>\n\n\n\n<p>Jak radzi\u0107 sobie z p\u0142aczem, konfliktami w grupie i nag\u0142ymi sytuacjami? Przede wszystkim <strong>zachowaj spok\u00f3j i opanowanie.<\/strong> P\u0142acz dzieci cz\u0119sto wynika z potrzeby uwagi czy zm\u0119czenia. Konflikty w grupie mog\u0105 wynika\u0107 z<strong> naturalnych napi\u0119\u0107. <\/strong>Umiej\u0119tno\u015b\u0107 szybkiego rozwi\u0105zywania takich sytuacji, zapewnienia komfortu i wsparcia to umiej\u0119tno\u015b\u0107, kt\u00f3r\u0105 opiekunowie powinni posiada\u0107.<\/p>\n\n\n\n<p>W kryzysowych momentach, takich jak nag\u0142a choroba dziecka, trzeba <strong>podejmowa\u0107 szybkie decyzje i zachowa\u0107 zimn\u0105 krew. <\/strong>Zdolno\u015b\u0107 do szybkiego reagowania i wsp\u00f3\u0142pracy z innymi cz\u0142onkami zespo\u0142u jest niezb\u0119dna, by zapewni\u0107 dziecku w\u0142a\u015bciw\u0105 pomoc.<\/p>\n\n\n\n<h2 class=\"wp-block-heading\">Po\u0142\u0105czenie umiej\u0119tno\u015bci i odpowiednich cech osobowo\u015bci \u2013 klucz do sukcesu<\/h2>\n\n\n\n<p>Praca w \u017c\u0142obku to nie tylko spe\u0142nianie wymaga\u0144 formalnych, ale tak\u017ce posiadanie odpowiednich cech i umiej\u0119tno\u015bci mi\u0119kkich. Cierpliwo\u015b\u0107, empatia, umiej\u0119tno\u015b\u0107 komunikacji, kreatywno\u015b\u0107 oraz odpowiedzialno\u015b\u0107 to cechy, kt\u00f3re wp\u0142ywaj\u0105 na jako\u015b\u0107 opieki nad dzie\u0107mi.&nbsp;<\/p>\n\n\n\n<p>Je\u015bli chcesz pracowa\u0107 w \u017c\u0142obku, zadbaj o odpowiednie kompetencje. \u201d<a href=\"https:\/\/e-opiekun.pl\/kursy\/1\" title=\"\">Szkolenie na opiekuna w \u017c\u0142obku lub klubie dzieci\u0119cym<\/a>\u201d, dost\u0119pne na platformie e-opiekun.pl to \u015bwietna okazja, by <strong>zdoby\u0107 potrzebn\u0105 wiedz\u0119 i umiej\u0119tno\u015bci<\/strong> w tej wymagaj\u0105cej i satysfakcjonuj\u0105cej pracy.<\/p>\n\n\n\n<p>Zainwestuj w swoj\u0105 przysz\u0142o\u015b\u0107 ju\u017c teraz! Zapisz si\u0119 na szkolenie i rozpocznij swoj\u0105 przygod\u0119 z opiek\u0105 nad dzie\u0107mi!<\/p>\n","protected":false},"excerpt":{"rendered":"<p>Praca w \u017c\u0142obku to ogromna odpowiedzialno\u015b\u0107, wymagaj\u0105ca odpowiednich kwalifikacji zawodowych. Opr\u00f3cz wiedzy i umiej\u0119tno\u015bci kluczowe s\u0105 tak\u017ce cechy osobowo\u015bciowe, kt\u00f3re wp\u0142ywaj\u0105 na jako\u015b\u0107 opieki nad dzie\u0107mi. W tym artykule przyjrzymy si\u0119, jakie wymagania formalne musi spe\u0142nia\u0107 osoba, kt\u00f3ra chce pracowa\u0107 w \u017c\u0142obku oraz jakie kompetencje mi\u0119kkie s\u0105 wa\u017cne dla sukcesu w tej pracy.&nbsp; Je\u017celi zastanawiasz [&hellip;]<\/p>\n","protected":false},"author":6,"featured_media":455,"comment_status":"closed","ping_status":"closed","sticky":false,"template":"","format":"standard","meta":{"_lmt_disableupdate":"","_lmt_disable":"","footnotes":""},"categories":[1436],"tags":[],"class_list":["post-453","post","type-post","status-publish","format-standard","has-post-thumbnail","hentry","category-opiekun-w-zlobku"],"aioseo_notices":[],"modified_by":"Karolina Grad","_links":{"self":[{"href":"https:\/\/e-opiekun.pl\/aktualnosci\/wp-json\/wp\/v2\/posts\/453","targetHints":{"allow":["GET"]}}],"collection":[{"href":"https:\/\/e-opiekun.pl\/aktualnosci\/wp-json\/wp\/v2\/posts"}],"about":[{"href":"https:\/\/e-opiekun.pl\/aktualnosci\/wp-json\/wp\/v2\/types\/post"}],"author":[{"embeddable":true,"href":"https:\/\/e-opiekun.pl\/aktualnosci\/wp-json\/wp\/v2\/users\/6"}],"replies":[{"embeddable":true,"href":"https:\/\/e-opiekun.pl\/aktualnosci\/wp-json\/wp\/v2\/comments?post=453"}],"version-history":[{"count":1,"href":"https:\/\/e-opiekun.pl\/aktualnosci\/wp-json\/wp\/v2\/posts\/453\/revisions"}],"predecessor-version":[{"id":456,"href":"https:\/\/e-opiekun.pl\/aktualnosci\/wp-json\/wp\/v2\/posts\/453\/revisions\/456"}],"wp:featuredmedia":[{"embeddable":true,"href":"https:\/\/e-opiekun.pl\/aktualnosci\/wp-json\/wp\/v2\/media\/455"}],"wp:attachment":[{"href":"https:\/\/e-opiekun.pl\/aktualnosci\/wp-json\/wp\/v2\/media?parent=453"}],"wp:term":[{"taxonomy":"category","embeddable":true,"href":"https:\/\/e-opiekun.pl\/aktualnosci\/wp-json\/wp\/v2\/categories?post=453"},{"taxonomy":"post_tag","embeddable":true,"href":"https:\/\/e-opiekun.pl\/aktualnosci\/wp-json\/wp\/v2\/tags?post=453"}],"curies":[{"name":"wp","href":"https:\/\/api.w.org\/{rel}","templated":true}]}}